{"id":845,"date":"2012-09-03T23:15:00","date_gmt":"2012-09-03T21:15:00","guid":{"rendered":"https:\/\/costadelsol.st\/en\/okategoriserade\/costa-del-sol-fire-overview\/"},"modified":"2014-02-20T17:37:42","modified_gmt":"2014-02-20T16:37:42","slug":"costa-del-sol-fire-overview","status":"publish","type":"post","link":"https:\/\/costadelsol.st\/en\/news-en\/costa-del-sol-fire-overview\/","title":{"rendered":"Costa Del Sol Fire Overview"},"content":{"rendered":"<div class='teaser'>Arrests have been made<\/div>\n<p>The fire that affected the Western Costa Del Sol and Inland Areas last week is now under control although there is still teams working to ensure it does not flair up again<br \/>\nThe fire was one of the largest in Spain and the worst in the area for as long as people can remember<br \/>\nThe fire forced the evacuation of more than 5000 people and affected more than at leat 2000 hectares accross&nbsp;Co\u00edn, Monda, Oj\u00e9n, Alhaur\u00edn El Grande, Mijas Costa and Marbella<br \/>\nIt has been confiemed that one person died who has now been identifed as a&nbsp;54 year old German man with the initials C.R whose body was discovered in Ojen<br \/>\nAt least five people were injred and hundreds of homes were either totally destroyed of suffered major damage.&nbsp;<br \/>\nThe Community has railed together using facebook and other social media sirtes to co-ordinate a massive aid program to help those affected by the fire<br \/>\nThe Iceland Store in Fuengirola became the centre for collections and distribution collecting everything from clothing to dog food and raising a large amount of cash.<br \/>\nDuring the hight of the fire people rialed around to take part in the rescue of around 140 dogs and 60 cats from kims animal shelter that was affected by the fire<br \/>\nSadly the loss to the domestic and wild animal population of the area was much greater with sad stories of people having to leave their pets as they were evacuated. The vumber of wild animals lost is even greater and we will will more tha likely know the true amount lost during this terrible fire<br \/>\nThe work to rebuild the community is now underway and with everyone working together we will slowly recover<br \/>\nSadly the reports show that the fire was no accident and arrests have been made althogh the investigation is by no means over.<br \/>\nIt is now thought the fire started in the Barranco Blanco netween Alhaurin El Grande and Coin althogh other firesd may have also been started<br \/>\n&nbsp;<\/p>\n<div class='cds_author'>jmackie@costadelsol.st<\/div>\n","protected":false},"excerpt":{"rendered":"<p>Arrests have been made The fire that affected the Western Costa Del Sol and Inland Areas last week is now under control although there is still teams working to ensure it does not flair up again The fire was one of the largest in Spain and the worst in the area for as long as [&hellip;]<\/p>\n","protected":false},"author":5,"featured_media":846,"comment_status":"open","ping_status":"open","sticky":false,"template":"","format":"standard","meta":{"footnotes":""},"categories":[132,3932],"tags":[153,514],"class_list":["post-845","post","type-post","status-publish","format-standard","has-post-thumbnail","hentry","category-news-en","category-other","tag-costa-del-sol-0","tag-fire-1"],"_links":{"self":[{"href":"https:\/\/costadelsol.st\/en\/wp-json\/wp\/v2\/posts\/845","targetHints":{"allow":["GET"]}}],"collection":[{"href":"https:\/\/costadelsol.st\/en\/wp-json\/wp\/v2\/posts"}],"about":[{"href":"https:\/\/costadelsol.st\/en\/wp-json\/wp\/v2\/types\/post"}],"author":[{"embeddable":true,"href":"https:\/\/costadelsol.st\/en\/wp-json\/wp\/v2\/users\/5"}],"replies":[{"embeddable":true,"href":"https:\/\/costadelsol.st\/en\/wp-json\/wp\/v2\/comments?post=845"}],"version-history":[{"count":0,"href":"https:\/\/costadelsol.st\/en\/wp-json\/wp\/v2\/posts\/845\/revisions"}],"wp:featuredmedia":[{"embeddable":true,"href":"https:\/\/costadelsol.st\/en\/wp-json\/wp\/v2\/media\/846"}],"wp:attachment":[{"href":"https:\/\/costadelsol.st\/en\/wp-json\/wp\/v2\/media?parent=845"}],"wp:term":[{"taxonomy":"category","embeddable":true,"href":"https:\/\/costadelsol.st\/en\/wp-json\/wp\/v2\/categories?post=845"},{"taxonomy":"post_tag","embeddable":true,"href":"https:\/\/costadelsol.st\/en\/wp-json\/wp\/v2\/tags?post=845"}],"curies":[{"name":"wp","href":"https:\/\/api.w.org\/{rel}","templated":true}]}}