{"id":531,"date":"2012-12-16T23:07:00","date_gmt":"2012-12-16T22:07:00","guid":{"rendered":"https:\/\/costadelsol.st\/en\/okategoriserade\/strike-by-malaga-taxi-drivers-called-for-tomorrow\/"},"modified":"2014-02-20T17:37:38","modified_gmt":"2014-02-20T16:37:38","slug":"strike-by-malaga-taxi-drivers-called-for-tomorrow","status":"publish","type":"post","link":"https:\/\/costadelsol.st\/en\/news-en\/strike-by-malaga-taxi-drivers-called-for-tomorrow\/","title":{"rendered":"Strike By Malaga Taxi Drivers Called For Tomorrow"},"content":{"rendered":"<div class='teaser'>Taxi drivers are unhappy about plans to allow drivers from outside Malaga to pick up passengers at the airport<\/div>\n<p>There will be a strike by Malaga taxi drivers tomorrow as a protest against decree 11\/85 submited by the the Junta de Andaluc\u00eda which allows any taxi or private hire service to pick up passengers from Malaga Airport.<br \/>\nThis has angered the &nbsp;1434 independent taxi drivers and a thousand employees who say the decree will mean it will not be enough work for the local taxi drivers<br \/>\n&nbsp;<br \/>\nThe strike will mean that between 10 am and 3 pm<br \/>\n&nbsp;<br \/>\nThe Asociaci\u00f3n Unificada Malague\u00f1a de Aut\u00f3nomos del Taxi (Aumat) have said that the protest will begin at 10 when they deliver their concerns to &nbsp;Delegaci\u00f3n de Fomento y Vivienda de la Junta in the Plaza de San Juan de la Cruz, then at 11 they will travel down the Avenida de Andaluc\u00eda to the Alameda Principal to the the headquarters of the regional government where another letter will be delivered . The protest will then travel along the Paseo del Parque to City Hall where a statement will be read<\/p>\n<div class='cds_author'>jmackie@costadelsol.st<\/div>\n","protected":false},"excerpt":{"rendered":"<p>Taxi drivers are unhappy about plans to allow drivers from outside Malaga to pick up passengers at the airport There will be a strike by Malaga taxi drivers tomorrow as a protest against decree 11\/85 submited by the the Junta de Andaluc\u00eda which allows any taxi or private hire service to pick up passengers from [&hellip;]<\/p>\n","protected":false},"author":5,"featured_media":532,"comment_status":"open","ping_status":"open","sticky":false,"template":"","format":"standard","meta":{"footnotes":""},"categories":[132,3932],"tags":[481,140,470,471],"class_list":["post-531","post","type-post","status-publish","format-standard","has-post-thumbnail","hentry","category-news-en","category-other","tag-airport-0","tag-malaga-2","tag-strike-2","tag-taxi-3"],"_links":{"self":[{"href":"https:\/\/costadelsol.st\/en\/wp-json\/wp\/v2\/posts\/531","targetHints":{"allow":["GET"]}}],"collection":[{"href":"https:\/\/costadelsol.st\/en\/wp-json\/wp\/v2\/posts"}],"about":[{"href":"https:\/\/costadelsol.st\/en\/wp-json\/wp\/v2\/types\/post"}],"author":[{"embeddable":true,"href":"https:\/\/costadelsol.st\/en\/wp-json\/wp\/v2\/users\/5"}],"replies":[{"embeddable":true,"href":"https:\/\/costadelsol.st\/en\/wp-json\/wp\/v2\/comments?post=531"}],"version-history":[{"count":0,"href":"https:\/\/costadelsol.st\/en\/wp-json\/wp\/v2\/posts\/531\/revisions"}],"wp:featuredmedia":[{"embeddable":true,"href":"https:\/\/costadelsol.st\/en\/wp-json\/wp\/v2\/media\/532"}],"wp:attachment":[{"href":"https:\/\/costadelsol.st\/en\/wp-json\/wp\/v2\/media?parent=531"}],"wp:term":[{"taxonomy":"category","embeddable":true,"href":"https:\/\/costadelsol.st\/en\/wp-json\/wp\/v2\/categories?post=531"},{"taxonomy":"post_tag","embeddable":true,"href":"https:\/\/costadelsol.st\/en\/wp-json\/wp\/v2\/tags?post=531"}],"curies":[{"name":"wp","href":"https:\/\/api.w.org\/{rel}","templated":true}]}}