{"id":2791,"date":"2011-09-27T23:44:00","date_gmt":"2011-09-27T21:44:00","guid":{"rendered":"https:\/\/costadelsol.st\/en\/okategoriserade\/new-school-inaugurated-in-alhaurin-de-la-torre\/"},"modified":"2014-02-20T17:39:32","modified_gmt":"2014-02-20T16:39:32","slug":"new-school-inaugurated-in-alhaurin-de-la-torre","status":"publish","type":"post","link":"https:\/\/costadelsol.st\/en\/news-en\/new-school-inaugurated-in-alhaurin-de-la-torre\/","title":{"rendered":"New School Inaugurated  In Alhaurin De La Torre"},"content":{"rendered":"<div class='teaser'>It becomes the 4th secondry school in the town<\/div>\n<p>According to reports in the poress a new school in Alhaurin De La Torre was inaugurated yesterday<br \/>\nIt is understood the Instituto de Ense\u00f1anza Secundaria Galileo which stands on a &nbsp;plot of 7,600 square meters&nbsp;is located between the urbanizaciones &nbsp;Capellan\u00eda and Retamar was inaugurated by the&nbsp;provincial delegate of Education Government of Andalusia, Antonio Esc\u00e1mez, and the mayor of Alhaurin de la Torre, Joaqu\u00edn Villanova,<br \/>\nThe new school which is the forth in the town will have 360 places<\/p>\n<div class='cds_author'>jmackie@costadelsol.st<\/div>\n","protected":false},"excerpt":{"rendered":"<p>It becomes the 4th secondry school in the town According to reports in the poress a new school in Alhaurin De La Torre was inaugurated yesterday It is understood the Instituto de Ense\u00f1anza Secundaria Galileo which stands on a &nbsp;plot of 7,600 square meters&nbsp;is located between the urbanizaciones &nbsp;Capellan\u00eda and Retamar was inaugurated by the&nbsp;provincial [&hellip;]<\/p>\n","protected":false},"author":5,"featured_media":2792,"comment_status":"open","ping_status":"open","sticky":false,"template":"","format":"standard","meta":{"footnotes":""},"categories":[132],"tags":[987,1537],"class_list":["post-2791","post","type-post","status-publish","format-standard","has-post-thumbnail","hentry","category-news-en","tag-alhaurin-de-la-torre-0","tag-education-0"],"_links":{"self":[{"href":"https:\/\/costadelsol.st\/en\/wp-json\/wp\/v2\/posts\/2791","targetHints":{"allow":["GET"]}}],"collection":[{"href":"https:\/\/costadelsol.st\/en\/wp-json\/wp\/v2\/posts"}],"about":[{"href":"https:\/\/costadelsol.st\/en\/wp-json\/wp\/v2\/types\/post"}],"author":[{"embeddable":true,"href":"https:\/\/costadelsol.st\/en\/wp-json\/wp\/v2\/users\/5"}],"replies":[{"embeddable":true,"href":"https:\/\/costadelsol.st\/en\/wp-json\/wp\/v2\/comments?post=2791"}],"version-history":[{"count":0,"href":"https:\/\/costadelsol.st\/en\/wp-json\/wp\/v2\/posts\/2791\/revisions"}],"wp:featuredmedia":[{"embeddable":true,"href":"https:\/\/costadelsol.st\/en\/wp-json\/wp\/v2\/media\/2792"}],"wp:attachment":[{"href":"https:\/\/costadelsol.st\/en\/wp-json\/wp\/v2\/media?parent=2791"}],"wp:term":[{"taxonomy":"category","embeddable":true,"href":"https:\/\/costadelsol.st\/en\/wp-json\/wp\/v2\/categories?post=2791"},{"taxonomy":"post_tag","embeddable":true,"href":"https:\/\/costadelsol.st\/en\/wp-json\/wp\/v2\/tags?post=2791"}],"curies":[{"name":"wp","href":"https:\/\/api.w.org\/{rel}","templated":true}]}}