{"id":2581,"date":"2011-10-19T22:57:00","date_gmt":"2011-10-19T20:57:00","guid":{"rendered":"https:\/\/costadelsol.st\/en\/okategoriserade\/search-for-missing-cordoba-children-continues\/"},"modified":"2014-02-20T17:39:30","modified_gmt":"2014-02-20T16:39:30","slug":"search-for-missing-cordoba-children-continues","status":"publish","type":"post","link":"https:\/\/costadelsol.st\/en\/news-en\/search-for-missing-cordoba-children-continues\/","title":{"rendered":"Search For Missing Cordoba Children Continues"},"content":{"rendered":"<div class='teaser'>The two children have been missing since the 8th October<\/div>\n<p>According to the reports in the press the search for the two missing children from C\u00f3rdoba &nbsp;who have been missing&nbsp; since a week ago last Saturday is continuing<br \/>\nIt is reported that officers searching for of 6 year old Ruth and 2 year old Jos\u00e9 have brought in ground radar equipment to search an orange grove owned by the children\u2019s grandfather at the Las Quemadillas industrial estate in C\u00f3rdoba<br \/>\nThe father of the children is currently in custody as the main suspect in their disappearance and it is understood from the reports&nbsp;&nbsp; police have until Friday to find the children or obtain a confession from the father<br \/>\nShould neither happen the judge in Instruction Court 4 in C\u00f3rdoba, Jos\u00e9 Luis Rodr\u00edguez La\u00edn will have to decide whether to send the father to jail, or to release him based on the current evidence<\/p>\n<div class='cds_author'>jmackie@costadelsol.st<\/div>\n","protected":false},"excerpt":{"rendered":"<p>The two children have been missing since the 8th October According to the reports in the press the search for the two missing children from C\u00f3rdoba &nbsp;who have been missing&nbsp; since a week ago last Saturday is continuing It is reported that officers searching for of 6 year old Ruth and 2 year old Jos\u00e9 [&hellip;]<\/p>\n","protected":false},"author":5,"featured_media":2582,"comment_status":"open","ping_status":"open","sticky":false,"template":"","format":"standard","meta":{"footnotes":""},"categories":[132,3932],"tags":[1245,3021,765],"class_list":["post-2581","post","type-post","status-publish","format-standard","has-post-thumbnail","hentry","category-news-en","category-other","tag-cordoba-2","tag-crime-children-1","tag-missing-1"],"_links":{"self":[{"href":"https:\/\/costadelsol.st\/en\/wp-json\/wp\/v2\/posts\/2581","targetHints":{"allow":["GET"]}}],"collection":[{"href":"https:\/\/costadelsol.st\/en\/wp-json\/wp\/v2\/posts"}],"about":[{"href":"https:\/\/costadelsol.st\/en\/wp-json\/wp\/v2\/types\/post"}],"author":[{"embeddable":true,"href":"https:\/\/costadelsol.st\/en\/wp-json\/wp\/v2\/users\/5"}],"replies":[{"embeddable":true,"href":"https:\/\/costadelsol.st\/en\/wp-json\/wp\/v2\/comments?post=2581"}],"version-history":[{"count":0,"href":"https:\/\/costadelsol.st\/en\/wp-json\/wp\/v2\/posts\/2581\/revisions"}],"wp:featuredmedia":[{"embeddable":true,"href":"https:\/\/costadelsol.st\/en\/wp-json\/wp\/v2\/media\/2582"}],"wp:attachment":[{"href":"https:\/\/costadelsol.st\/en\/wp-json\/wp\/v2\/media?parent=2581"}],"wp:term":[{"taxonomy":"category","embeddable":true,"href":"https:\/\/costadelsol.st\/en\/wp-json\/wp\/v2\/categories?post=2581"},{"taxonomy":"post_tag","embeddable":true,"href":"https:\/\/costadelsol.st\/en\/wp-json\/wp\/v2\/tags?post=2581"}],"curies":[{"name":"wp","href":"https:\/\/api.w.org\/{rel}","templated":true}]}}