{"id":2163,"date":"2011-12-11T23:44:00","date_gmt":"2011-12-11T22:44:00","guid":{"rendered":"https:\/\/costadelsol.st\/en\/okategoriserade\/jose-avila-roja-senteenced-to-three-and-a-half-years\/"},"modified":"2014-02-20T17:39:27","modified_gmt":"2014-02-20T16:39:27","slug":"jose-avila-roja-senteenced-to-three-and-a-half-years","status":"publish","type":"post","link":"https:\/\/costadelsol.st\/en\/news-en\/jose-avila-roja-senteenced-to-three-and-a-half-years\/","title":{"rendered":"Jos\u00e9 Avila Roja Senteenced To Three And A Half Years"},"content":{"rendered":"<div class='teaser'>He is also a suspect in the Malaya Case<\/div>\n<p>According to reports in the press the builder Jos\u00e9 Avila Roja has been sentenced to three and a half years in Jail for fraud by the&nbsp;La Secci\u00f3n Segunda de la Audiencia Provincial de M\u00e1laga&nbsp;<br \/>\nIt is understood the builder who is also ndicted in the Malaya case was convicted of continuing with the sale of three apartments in Marbella despite knowing they were not fit for habitation&nbsp;<br \/>\nIt is reported that he was also ordered to pay a fine of&nbsp;20 euros a day for nine months and sentenced him to return, jointly with the company Naviro, the quantities payed by the three buyers, 67,641, 66,246 and 67,460 euros.<br \/>\n&nbsp;<\/p>\n<div class='cds_author'>jmackie@costadelsol.st<\/div>\n","protected":false},"excerpt":{"rendered":"<p>He is also a suspect in the Malaya Case According to reports in the press the builder Jos\u00e9 Avila Roja has been sentenced to three and a half years in Jail for fraud by the&nbsp;La Secci\u00f3n Segunda de la Audiencia Provincial de M\u00e1laga&nbsp; It is understood the builder who is also ndicted in the Malaya [&hellip;]<\/p>\n","protected":false},"author":5,"featured_media":2164,"comment_status":"open","ping_status":"open","sticky":false,"template":"","format":"standard","meta":{"footnotes":""},"categories":[132,3932],"tags":[438,1477,2606,1526],"class_list":["post-2163","post","type-post","status-publish","format-standard","has-post-thumbnail","hentry","category-news-en","category-other","tag-crime-0","tag-fraud-1","tag-jose-avila-roja-2","tag-malaya-1"],"_links":{"self":[{"href":"https:\/\/costadelsol.st\/en\/wp-json\/wp\/v2\/posts\/2163","targetHints":{"allow":["GET"]}}],"collection":[{"href":"https:\/\/costadelsol.st\/en\/wp-json\/wp\/v2\/posts"}],"about":[{"href":"https:\/\/costadelsol.st\/en\/wp-json\/wp\/v2\/types\/post"}],"author":[{"embeddable":true,"href":"https:\/\/costadelsol.st\/en\/wp-json\/wp\/v2\/users\/5"}],"replies":[{"embeddable":true,"href":"https:\/\/costadelsol.st\/en\/wp-json\/wp\/v2\/comments?post=2163"}],"version-history":[{"count":0,"href":"https:\/\/costadelsol.st\/en\/wp-json\/wp\/v2\/posts\/2163\/revisions"}],"wp:featuredmedia":[{"embeddable":true,"href":"https:\/\/costadelsol.st\/en\/wp-json\/wp\/v2\/media\/2164"}],"wp:attachment":[{"href":"https:\/\/costadelsol.st\/en\/wp-json\/wp\/v2\/media?parent=2163"}],"wp:term":[{"taxonomy":"category","embeddable":true,"href":"https:\/\/costadelsol.st\/en\/wp-json\/wp\/v2\/categories?post=2163"},{"taxonomy":"post_tag","embeddable":true,"href":"https:\/\/costadelsol.st\/en\/wp-json\/wp\/v2\/tags?post=2163"}],"curies":[{"name":"wp","href":"https:\/\/api.w.org\/{rel}","templated":true}]}}