{"id":2139,"date":"2011-12-13T00:55:00","date_gmt":"2011-12-12T23:55:00","guid":{"rendered":"https:\/\/costadelsol.st\/en\/okategoriserade\/campaign-launched-by-the-spanish-red-cross-in-velez-malaga\/"},"modified":"2014-02-20T17:39:27","modified_gmt":"2014-02-20T16:39:27","slug":"campaign-launched-by-the-spanish-red-cross-in-velez-malaga","status":"publish","type":"post","link":"https:\/\/costadelsol.st\/en\/news-en\/campaign-launched-by-the-spanish-red-cross-in-velez-malaga\/","title":{"rendered":"Campaign Launched By The Spanish Red Cross In V\u00e9lez-M\u00e1laga"},"content":{"rendered":"<div class='teaser'>The camapign is a annaual event<\/div>\n<p>La instituci\u00f3n Cruz Roja Espa\u00f1ola de V\u00e9lez-M\u00e1laga has announced its&nbsp;traditional campaign to collect toys for needy families in the region of Axarquia.&nbsp;<\/p>\n<p>The campaign will until the 31st December&nbsp;&nbsp;coinciding with the celebration of International Volunteer Day &nbsp;under the slogan &#8216;We love donors&#8217; {&#8216;Buscamos donantes de cari\u00f1o&#8217;}<br \/>\n&nbsp;<br \/>\nCruz Roja Espa\u00f1ola Website<br \/>\n&nbsp;<br \/>\n&nbsp;<br \/>\n&nbsp;<\/p>\n<div class='cds_author'>jmackie@costadelsol.st<\/div>\n","protected":false},"excerpt":{"rendered":"<p>The camapign is a annaual event La instituci\u00f3n Cruz Roja Espa\u00f1ola de V\u00e9lez-M\u00e1laga has announced its&nbsp;traditional campaign to collect toys for needy families in the region of Axarquia.&nbsp; The campaign will until the 31st December&nbsp;&nbsp;coinciding with the celebration of International Volunteer Day &nbsp;under the slogan &#8216;We love donors&#8217; {&#8216;Buscamos donantes de cari\u00f1o&#8217;} &nbsp; Cruz Roja [&hellip;]<\/p>\n","protected":false},"author":5,"featured_media":2140,"comment_status":"open","ping_status":"open","sticky":false,"template":"","format":"standard","meta":{"footnotes":""},"categories":[132,3932],"tags":[836,2582,296],"class_list":["post-2139","post","type-post","status-publish","format-standard","has-post-thumbnail","hentry","category-news-en","category-other","tag-charity-1","tag-spanish-red-cross-1","tag-velez-malaga-2"],"_links":{"self":[{"href":"https:\/\/costadelsol.st\/en\/wp-json\/wp\/v2\/posts\/2139","targetHints":{"allow":["GET"]}}],"collection":[{"href":"https:\/\/costadelsol.st\/en\/wp-json\/wp\/v2\/posts"}],"about":[{"href":"https:\/\/costadelsol.st\/en\/wp-json\/wp\/v2\/types\/post"}],"author":[{"embeddable":true,"href":"https:\/\/costadelsol.st\/en\/wp-json\/wp\/v2\/users\/5"}],"replies":[{"embeddable":true,"href":"https:\/\/costadelsol.st\/en\/wp-json\/wp\/v2\/comments?post=2139"}],"version-history":[{"count":0,"href":"https:\/\/costadelsol.st\/en\/wp-json\/wp\/v2\/posts\/2139\/revisions"}],"wp:featuredmedia":[{"embeddable":true,"href":"https:\/\/costadelsol.st\/en\/wp-json\/wp\/v2\/media\/2140"}],"wp:attachment":[{"href":"https:\/\/costadelsol.st\/en\/wp-json\/wp\/v2\/media?parent=2139"}],"wp:term":[{"taxonomy":"category","embeddable":true,"href":"https:\/\/costadelsol.st\/en\/wp-json\/wp\/v2\/categories?post=2139"},{"taxonomy":"post_tag","embeddable":true,"href":"https:\/\/costadelsol.st\/en\/wp-json\/wp\/v2\/tags?post=2139"}],"curies":[{"name":"wp","href":"https:\/\/api.w.org\/{rel}","templated":true}]}}