{"id":2085,"date":"2011-12-19T23:20:00","date_gmt":"2011-12-19T22:20:00","guid":{"rendered":"https:\/\/costadelsol.st\/en\/okategoriserade\/benajarafe-phone-mast-to-be-dismantled\/"},"modified":"2014-02-20T17:39:26","modified_gmt":"2014-02-20T16:39:26","slug":"benajarafe-phone-mast-to-be-dismantled","status":"publish","type":"post","link":"https:\/\/costadelsol.st\/en\/news-en\/benajarafe-phone-mast-to-be-dismantled\/","title":{"rendered":"Benajarafe Phone Mast To Be Dismantled"},"content":{"rendered":"<div class='teaser'>The have been a number of complaints about the mast<\/div>\n<p>According to reports in the press work to remove a phone mast in the town of Benajarafe will begin soon<br \/>\nIt is understood that the decison to remove the mast was taken after years of complaints from the local people.<br \/>\nThe news was announced by the&nbsp;La concejal de Urbanismo, Infraestructuras y Nuevas Tecnolog\u00edas en el Ayuntamiento de V\u00e9lez-M\u00e1laga<\/p>\n<div class='cds_author'>jmackie@costadelsol.st<\/div>\n","protected":false},"excerpt":{"rendered":"<p>The have been a number of complaints about the mast According to reports in the press work to remove a phone mast in the town of Benajarafe will begin soon It is understood that the decison to remove the mast was taken after years of complaints from the local people. The news was announced by [&hellip;]<\/p>\n","protected":false},"author":5,"featured_media":2086,"comment_status":"open","ping_status":"open","sticky":false,"template":"","format":"standard","meta":{"footnotes":""},"categories":[132],"tags":[1509,2532],"class_list":["post-2085","post","type-post","status-publish","format-standard","has-post-thumbnail","hentry","category-news-en","tag-benajarafe-0","tag-phone-mast-1"],"_links":{"self":[{"href":"https:\/\/costadelsol.st\/en\/wp-json\/wp\/v2\/posts\/2085","targetHints":{"allow":["GET"]}}],"collection":[{"href":"https:\/\/costadelsol.st\/en\/wp-json\/wp\/v2\/posts"}],"about":[{"href":"https:\/\/costadelsol.st\/en\/wp-json\/wp\/v2\/types\/post"}],"author":[{"embeddable":true,"href":"https:\/\/costadelsol.st\/en\/wp-json\/wp\/v2\/users\/5"}],"replies":[{"embeddable":true,"href":"https:\/\/costadelsol.st\/en\/wp-json\/wp\/v2\/comments?post=2085"}],"version-history":[{"count":0,"href":"https:\/\/costadelsol.st\/en\/wp-json\/wp\/v2\/posts\/2085\/revisions"}],"wp:featuredmedia":[{"embeddable":true,"href":"https:\/\/costadelsol.st\/en\/wp-json\/wp\/v2\/media\/2086"}],"wp:attachment":[{"href":"https:\/\/costadelsol.st\/en\/wp-json\/wp\/v2\/media?parent=2085"}],"wp:term":[{"taxonomy":"category","embeddable":true,"href":"https:\/\/costadelsol.st\/en\/wp-json\/wp\/v2\/categories?post=2085"},{"taxonomy":"post_tag","embeddable":true,"href":"https:\/\/costadelsol.st\/en\/wp-json\/wp\/v2\/tags?post=2085"}],"curies":[{"name":"wp","href":"https:\/\/api.w.org\/{rel}","templated":true}]}}