{"id":1355,"date":"2012-05-04T22:12:00","date_gmt":"2012-05-04T20:12:00","guid":{"rendered":"https:\/\/costadelsol.st\/en\/okategoriserade\/new-coalition-government-for-andalucia-sworn-in\/"},"modified":"2014-02-20T17:38:45","modified_gmt":"2014-02-20T16:38:45","slug":"new-coalition-government-for-andalucia-sworn-in","status":"publish","type":"post","link":"https:\/\/costadelsol.st\/en\/news-en\/new-coalition-government-for-andalucia-sworn-in\/","title":{"rendered":"New Coalition Government For Andalucia Sworn In"},"content":{"rendered":"<div class='teaser'>The important tole of Tourism Minister is to be filled by a IU minister from Malaga<\/div>\n<p>The new Coalition Goverment for Andalucia has ben sworn in and will start to govern within the next week or so.<br \/>\nThe main positions in the new Government in Seville include&nbsp;PSOE&#8217;s Juan Antonio GRI\u00d1\u00c1N will continuing to hold the position of&nbsp;Chairman of the Junta de Andaluc\u00eda ,&nbsp;&nbsp;IU&#8217;s leader Diego Valeras becomes Vice President,and the Tourism minister will be the&nbsp;IU&#8217;s Rafael Rodriguez from Malaga.<br \/>\nThe other names in the Government have not yet been relesed but it is thought that many of the positions will be held by members of the former PSOE Government.<br \/>\n&nbsp;<\/p>\n<div class='cds_author'>jmackie@costadelsol.st<\/div>\n","protected":false},"excerpt":{"rendered":"<p>The important tole of Tourism Minister is to be filled by a IU minister from Malaga The new Coalition Goverment for Andalucia has ben sworn in and will start to govern within the next week or so. The main positions in the new Government in Seville include&nbsp;PSOE&#8217;s Juan Antonio GRI\u00d1\u00c1N will continuing to hold the [&hellip;]<\/p>\n","protected":false},"author":5,"featured_media":1356,"comment_status":"open","ping_status":"open","sticky":false,"template":"","format":"standard","meta":{"footnotes":""},"categories":[132],"tags":[475,1757,1824],"class_list":["post-1355","post","type-post","status-publish","format-standard","has-post-thumbnail","hentry","category-news-en","tag-andalucia-0","tag-government-0","tag-junta-1"],"_links":{"self":[{"href":"https:\/\/costadelsol.st\/en\/wp-json\/wp\/v2\/posts\/1355","targetHints":{"allow":["GET"]}}],"collection":[{"href":"https:\/\/costadelsol.st\/en\/wp-json\/wp\/v2\/posts"}],"about":[{"href":"https:\/\/costadelsol.st\/en\/wp-json\/wp\/v2\/types\/post"}],"author":[{"embeddable":true,"href":"https:\/\/costadelsol.st\/en\/wp-json\/wp\/v2\/users\/5"}],"replies":[{"embeddable":true,"href":"https:\/\/costadelsol.st\/en\/wp-json\/wp\/v2\/comments?post=1355"}],"version-history":[{"count":0,"href":"https:\/\/costadelsol.st\/en\/wp-json\/wp\/v2\/posts\/1355\/revisions"}],"wp:featuredmedia":[{"embeddable":true,"href":"https:\/\/costadelsol.st\/en\/wp-json\/wp\/v2\/media\/1356"}],"wp:attachment":[{"href":"https:\/\/costadelsol.st\/en\/wp-json\/wp\/v2\/media?parent=1355"}],"wp:term":[{"taxonomy":"category","embeddable":true,"href":"https:\/\/costadelsol.st\/en\/wp-json\/wp\/v2\/categories?post=1355"},{"taxonomy":"post_tag","embeddable":true,"href":"https:\/\/costadelsol.st\/en\/wp-json\/wp\/v2\/tags?post=1355"}],"curies":[{"name":"wp","href":"https:\/\/api.w.org\/{rel}","templated":true}]}}