{"id":1339,"date":"2012-05-07T22:10:00","date_gmt":"2012-05-07T20:10:00","guid":{"rendered":"https:\/\/costadelsol.st\/en\/okategoriserade\/new-andalucia-government-make-first-apperance\/"},"modified":"2014-02-20T17:38:45","modified_gmt":"2014-02-20T16:38:45","slug":"new-andalucia-government-make-first-apperance","status":"publish","type":"post","link":"https:\/\/costadelsol.st\/en\/news-en\/new-andalucia-government-make-first-apperance\/","title":{"rendered":"New Andalucia Government  Make First Apperance"},"content":{"rendered":"<div class='teaser'>Jos\u00e9 Antonio GRI\u00d1\u00c1N remains as the&nbsp;Chairman of the regional government of Andalusia<\/div>\n<p>The new Andalucian Government members were revieled today although the number of counillors &nbsp;has been reduced from 14 to 11<br \/>\nAs previously known&nbsp;Diego Valderas is the vice chairman&nbsp;&nbsp;and Rafael Rodriguez is the &nbsp;head of tourism&nbsp;<br \/>\nElena Cort\u00e9s was named as the coucillor for communiucation and three new names from the PSOE were identified as&nbsp;<br \/>\nSusana D\u00edaz &#8211; Councilor for Equal Opportunities<br \/>\nLuis Planas &#8211; &nbsp;Agriculture, Fisheries and Environment&nbsp;<br \/>\nEmilio de Llera Su\u00e1rez-B\u00e1rcena &#8211; Justice<br \/>\n&nbsp;&nbsp;<br \/>\n&nbsp;<\/p>\n<div class='cds_author'>jmackie@costadelsol.st<\/div>\n","protected":false},"excerpt":{"rendered":"<p>Jos\u00e9 Antonio GRI\u00d1\u00c1N remains as the&nbsp;Chairman of the regional government of Andalusia The new Andalucian Government members were revieled today although the number of counillors &nbsp;has been reduced from 14 to 11 As previously known&nbsp;Diego Valderas is the vice chairman&nbsp;&nbsp;and Rafael Rodriguez is the &nbsp;head of tourism&nbsp; Elena Cort\u00e9s was named as the coucillor for [&hellip;]<\/p>\n","protected":false},"author":5,"featured_media":1340,"comment_status":"open","ping_status":"open","sticky":false,"template":"","format":"standard","meta":{"footnotes":""},"categories":[132,3932],"tags":[1757,1824,1825],"class_list":["post-1339","post","type-post","status-publish","format-standard","has-post-thumbnail","hentry","category-news-en","category-other","tag-government-0","tag-junta-1","tag-new-council-2"],"_links":{"self":[{"href":"https:\/\/costadelsol.st\/en\/wp-json\/wp\/v2\/posts\/1339","targetHints":{"allow":["GET"]}}],"collection":[{"href":"https:\/\/costadelsol.st\/en\/wp-json\/wp\/v2\/posts"}],"about":[{"href":"https:\/\/costadelsol.st\/en\/wp-json\/wp\/v2\/types\/post"}],"author":[{"embeddable":true,"href":"https:\/\/costadelsol.st\/en\/wp-json\/wp\/v2\/users\/5"}],"replies":[{"embeddable":true,"href":"https:\/\/costadelsol.st\/en\/wp-json\/wp\/v2\/comments?post=1339"}],"version-history":[{"count":0,"href":"https:\/\/costadelsol.st\/en\/wp-json\/wp\/v2\/posts\/1339\/revisions"}],"wp:featuredmedia":[{"embeddable":true,"href":"https:\/\/costadelsol.st\/en\/wp-json\/wp\/v2\/media\/1340"}],"wp:attachment":[{"href":"https:\/\/costadelsol.st\/en\/wp-json\/wp\/v2\/media?parent=1339"}],"wp:term":[{"taxonomy":"category","embeddable":true,"href":"https:\/\/costadelsol.st\/en\/wp-json\/wp\/v2\/categories?post=1339"},{"taxonomy":"post_tag","embeddable":true,"href":"https:\/\/costadelsol.st\/en\/wp-json\/wp\/v2\/tags?post=1339"}],"curies":[{"name":"wp","href":"https:\/\/api.w.org\/{rel}","templated":true}]}}