{"id":12153,"date":"2014-01-28T12:46:06","date_gmt":"2014-01-28T11:46:06","guid":{"rendered":"https:\/\/costadelsol.st\/en\/?p=12153"},"modified":"2014-03-26T13:21:59","modified_gmt":"2014-03-26T12:21:59","slug":"estepona-lagenheter","status":"publish","type":"post","link":"https:\/\/costadelsol.st\/en\/property-business\/for-sale-rent\/estepona-lagenheter\/","title":{"rendered":"Estepona L\u00e4genheter"},"content":{"rendered":"<p><!--:en--><\/p>\n<p style=\"text-align: center;\"><strong>Korttidsboende till bra pris i centrala Estepona p\u00e5 &#8220;Apartamentos Miguel \u00c1ngel&#8221;<\/strong><\/p>\n<p style=\"text-align: center;\"><a href=\"https:\/\/costadelsol.st\/en\/wp-content\/uploads\/estepona-ma-1.jpg\"><img loading=\"lazy\" decoding=\"async\" class=\"alignnone size-full wp-image-12154\" alt=\"Estepona, l\u00e4genheter uthyres\" src=\"https:\/\/costadelsol.st\/en\/wp-content\/uploads\/estepona-ma-1.jpg\" width=\"490\" height=\"365\" srcset=\"https:\/\/costadelsol.st\/en\/wp-content\/uploads\/estepona-ma-1.jpg 490w, https:\/\/costadelsol.st\/en\/wp-content\/uploads\/estepona-ma-1-300x223.jpg 300w\" sizes=\"auto, (max-width: 490px) 100vw, 490px\" \/><\/a><\/p>\n<p>18 nybyggda och p\u00e5kostade l\u00e4genheter 150 meter fr\u00e5n stranden. L\u00e4genheterna ligger centralt i det vackraste omr\u00e5det av Estepona. N\u00e4ra till allt, varuhus, aff\u00e4rer, restauranger, barer, beach, apotek o.s.v. Bra utg\u00e5ngsl\u00e4ge f\u00f6r golfaren.<br \/>\n1 &#8211; 4 sovrum f\u00f6r 1-7 personer. Kompletta badrum med h\u00f6g kvalitet. Stort vardagsrum med matplats. Fullt utrustat k\u00f6k.<br \/>\nHiss finns.<br \/>\nSt\u00e4dning och byte av s\u00e4ngkl\u00e4der 1 g\u00e5ng per vecka ing\u00e5r.<br \/>\nPriser hittar du l\u00e4ngre ner p\u00e5 sidan.<\/p>\n<p><strong>OBS! Priserna \u00e4r per l\u00e4genhet (\u00e4ven om du bokar f\u00f6r 7 personer).<\/strong><br \/>\n<strong>Nu\u00a0nya billigare priser!<\/strong><\/p>\n<p style=\"text-align: center;\"><strong>Bokningsf\u00f6rfr\u00e5gan till info@costadelsol.st<\/strong><\/p>\n<p style=\"text-align: center;\"><a href=\"https:\/\/costadelsol.st\/en\/wp-content\/uploads\/Estepona-price.gif\"><img loading=\"lazy\" decoding=\"async\" class=\"alignnone size-full wp-image-12155\" alt=\"Estepona-price\" src=\"https:\/\/costadelsol.st\/en\/wp-content\/uploads\/Estepona-price.gif\" width=\"419\" height=\"525\" \/><\/a><\/p>\n<p style=\"text-align: center;\"><strong>Bokningsf\u00f6rfr\u00e5gan till info@costadelsol.st<\/strong><\/p>\n<p style=\"text-align: center;\"><a href=\"https:\/\/costadelsol.st\/en\/wp-content\/uploads\/estepona-kolage-2.jpg\"><img loading=\"lazy\" decoding=\"async\" class=\"alignnone size-full wp-image-12156\" alt=\"estepona\" src=\"https:\/\/costadelsol.st\/en\/wp-content\/uploads\/estepona-kolage-2.jpg\" width=\"469\" height=\"525\" srcset=\"https:\/\/costadelsol.st\/en\/wp-content\/uploads\/estepona-kolage-2.jpg 469w, https:\/\/costadelsol.st\/en\/wp-content\/uploads\/estepona-kolage-2-268x300.jpg 268w\" sizes=\"auto, (max-width: 469px) 100vw, 469px\" \/><\/a><\/p>\n<p><!--:--><!--:sv--><\/p>\n<p style=\"text-align: center;\"><strong>Korttidsboende till bra pris i centrala Estepona p\u00e5 &#8220;Apartamentos Miguel \u00c1ngel&#8221;<\/strong><\/p>\n<p style=\"text-align: center;\"><a href=\"https:\/\/costadelsol.st\/en\/wp-content\/uploads\/estepona-ma-1.jpg\"><img loading=\"lazy\" decoding=\"async\" class=\"alignnone size-full wp-image-12154\" alt=\"Estepona, l\u00e4genheter uthyres\" src=\"https:\/\/costadelsol.st\/en\/wp-content\/uploads\/estepona-ma-1.jpg\" width=\"490\" height=\"365\" srcset=\"https:\/\/costadelsol.st\/en\/wp-content\/uploads\/estepona-ma-1.jpg 490w, https:\/\/costadelsol.st\/en\/wp-content\/uploads\/estepona-ma-1-300x223.jpg 300w\" sizes=\"auto, (max-width: 490px) 100vw, 490px\" \/><\/a><\/p>\n<p>18 nybyggda och p\u00e5kostade l\u00e4genheter 150 meter fr\u00e5n stranden. L\u00e4genheterna ligger centralt i det vackraste omr\u00e5det av Estepona. N\u00e4ra till allt, varuhus, aff\u00e4rer, restauranger, barer, beach, apotek o.s.v. Bra utg\u00e5ngsl\u00e4ge f\u00f6r golfaren.<br \/>\n1 &#8211; 4 sovrum f\u00f6r 1-7 personer. Kompletta badrum med h\u00f6g kvalitet. Stort vardagsrum med matplats. Fullt utrustat k\u00f6k.<br \/>\nHiss finns.<br \/>\nSt\u00e4dning och byte av s\u00e4ngkl\u00e4der 1 g\u00e5ng per vecka ing\u00e5r.<br \/>\nPriser hittar du l\u00e4ngre ner p\u00e5 sidan.<\/p>\n<p><strong>OBS! Priserna \u00e4r per l\u00e4genhet (\u00e4ven om du bokar f\u00f6r 7 personer).<\/strong><br \/>\n<strong>Nu\u00a0nya billigare priser!<\/strong><\/p>\n<p style=\"text-align: center;\"><strong>Bokningsf\u00f6rfr\u00e5gan till info@costadelsol.st<\/strong><\/p>\n<p style=\"text-align: center;\"><a href=\"https:\/\/costadelsol.st\/en\/wp-content\/uploads\/Estepona-price.gif\"><img loading=\"lazy\" decoding=\"async\" class=\"alignnone size-full wp-image-12155\" alt=\"Estepona-price\" src=\"https:\/\/costadelsol.st\/en\/wp-content\/uploads\/Estepona-price.gif\" width=\"419\" height=\"525\" \/><\/a><\/p>\n<p style=\"text-align: center;\"><strong>Bokningsf\u00f6rfr\u00e5gan till info@costadelsol.st<\/strong><\/p>\n<p style=\"text-align: center;\"><a href=\"https:\/\/costadelsol.st\/en\/wp-content\/uploads\/estepona-kolage-2.jpg\"><img loading=\"lazy\" decoding=\"async\" class=\"alignnone size-full wp-image-12156\" alt=\"estepona\" src=\"https:\/\/costadelsol.st\/en\/wp-content\/uploads\/estepona-kolage-2.jpg\" width=\"469\" height=\"525\" srcset=\"https:\/\/costadelsol.st\/en\/wp-content\/uploads\/estepona-kolage-2.jpg 469w, https:\/\/costadelsol.st\/en\/wp-content\/uploads\/estepona-kolage-2-268x300.jpg 268w\" sizes=\"auto, (max-width: 469px) 100vw, 469px\" \/><\/a><\/p>\n<div class=\"cds_longlat\">36\u00b0 25&#8242; 23.28&#8243; N, 5\u00b0 9&#8242; 1.83&#8243; W<\/div>\n<p><!--:--><!--:no--><\/p>\n<p style=\"text-align: center;\"><strong>Korttidsboende till bra pris i centrala Estepona p\u00e5 &#8220;Apartamentos Miguel \u00c1ngel&#8221;<\/strong><\/p>\n<p style=\"text-align: center;\"><a href=\"https:\/\/costadelsol.st\/en\/wp-content\/uploads\/estepona-ma-1.jpg\"><img loading=\"lazy\" decoding=\"async\" class=\"alignnone size-full wp-image-12154\" alt=\"Estepona, l\u00e4genheter uthyres\" src=\"https:\/\/costadelsol.st\/en\/wp-content\/uploads\/estepona-ma-1.jpg\" width=\"490\" height=\"365\" srcset=\"https:\/\/costadelsol.st\/en\/wp-content\/uploads\/estepona-ma-1.jpg 490w, https:\/\/costadelsol.st\/en\/wp-content\/uploads\/estepona-ma-1-300x223.jpg 300w\" sizes=\"auto, (max-width: 490px) 100vw, 490px\" \/><\/a><\/p>\n<p>18 nybyggda och p\u00e5kostade l\u00e4genheter 150 meter fr\u00e5n stranden. L\u00e4genheterna ligger centralt i det vackraste omr\u00e5det av Estepona. N\u00e4ra till allt, varuhus, aff\u00e4rer, restauranger, barer, beach, apotek o.s.v. Bra utg\u00e5ngsl\u00e4ge f\u00f6r golfaren.<br \/>\n1 &#8211; 4 sovrum f\u00f6r 1-7 personer. Kompletta badrum med h\u00f6g kvalitet. Stort vardagsrum med matplats. Fullt utrustat k\u00f6k.<br \/>\nHiss finns.<br \/>\nSt\u00e4dning och byte av s\u00e4ngkl\u00e4der 1 g\u00e5ng per vecka ing\u00e5r.<br \/>\nPriser hittar du l\u00e4ngre ner p\u00e5 sidan.<\/p>\n<p><strong>OBS! Priserna \u00e4r per l\u00e4genhet (\u00e4ven om du bokar f\u00f6r 7 personer).<\/strong><br \/>\n<strong>Nu\u00a0nya billigare priser!<\/strong><\/p>\n<p style=\"text-align: center;\"><strong>Bokningsf\u00f6rfr\u00e5gan till info@costadelsol.st<\/strong><\/p>\n<p style=\"text-align: center;\"><a href=\"https:\/\/costadelsol.st\/en\/wp-content\/uploads\/Estepona-price.gif\"><img loading=\"lazy\" decoding=\"async\" class=\"alignnone size-full wp-image-12155\" alt=\"Estepona-price\" src=\"https:\/\/costadelsol.st\/en\/wp-content\/uploads\/Estepona-price.gif\" width=\"419\" height=\"525\" \/><\/a><\/p>\n<p style=\"text-align: center;\"><strong>Bokningsf\u00f6rfr\u00e5gan till info@costadelsol.st<\/strong><\/p>\n<p style=\"text-align: center;\"><a href=\"https:\/\/costadelsol.st\/en\/wp-content\/uploads\/estepona-kolage-2.jpg\"><img loading=\"lazy\" decoding=\"async\" class=\"alignnone size-full wp-image-12156\" alt=\"estepona\" src=\"https:\/\/costadelsol.st\/en\/wp-content\/uploads\/estepona-kolage-2.jpg\" width=\"469\" height=\"525\" srcset=\"https:\/\/costadelsol.st\/en\/wp-content\/uploads\/estepona-kolage-2.jpg 469w, https:\/\/costadelsol.st\/en\/wp-content\/uploads\/estepona-kolage-2-268x300.jpg 268w\" sizes=\"auto, (max-width: 469px) 100vw, 469px\" \/><\/a><\/p>\n<p><!--:--><\/p>\n","protected":false},"excerpt":{"rendered":"<p>Korttidsboende till bra pris i centrala Estepona p\u00e5 &#8220;Apartamentos Miguel \u00c1ngel&#8221; 18 nybyggda och p\u00e5kostade l\u00e4genheter 150 meter fr\u00e5n stranden. L\u00e4genheterna ligger centralt i det vackraste omr\u00e5det av Estepona. N\u00e4ra till allt, varuhus, aff\u00e4rer, restauranger, barer, beach, apotek o.s.v. Bra utg\u00e5ngsl\u00e4ge f\u00f6r golfaren. 1 &#8211; 4 sovrum f\u00f6r 1-7 personer. Kompletta badrum med h\u00f6g kvalitet. [&hellip;]<\/p>\n","protected":false},"author":5,"featured_media":12154,"comment_status":"closed","ping_status":"closed","sticky":false,"template":"","format":"standard","meta":{"footnotes":""},"categories":[5631],"tags":[3957,579,1077,5636,1856,3966,4803,3967,3968,4811,5637],"class_list":["post-12153","post","type-post","status-publish","format-standard","has-post-thumbnail","hentry","category-for-sale-rent","tag-bo-1","tag-estepona-0","tag-golf-1","tag-hostal","tag-hotell-1","tag-hyra-10","tag-hyra-lagenhet-4","tag-lagenhet-11","tag-lagenheter-12","tag-miguel-angel-7","tag-vardshus"],"_links":{"self":[{"href":"https:\/\/costadelsol.st\/en\/wp-json\/wp\/v2\/posts\/12153","targetHints":{"allow":["GET"]}}],"collection":[{"href":"https:\/\/costadelsol.st\/en\/wp-json\/wp\/v2\/posts"}],"about":[{"href":"https:\/\/costadelsol.st\/en\/wp-json\/wp\/v2\/types\/post"}],"author":[{"embeddable":true,"href":"https:\/\/costadelsol.st\/en\/wp-json\/wp\/v2\/users\/5"}],"replies":[{"embeddable":true,"href":"https:\/\/costadelsol.st\/en\/wp-json\/wp\/v2\/comments?post=12153"}],"version-history":[{"count":0,"href":"https:\/\/costadelsol.st\/en\/wp-json\/wp\/v2\/posts\/12153\/revisions"}],"wp:featuredmedia":[{"embeddable":true,"href":"https:\/\/costadelsol.st\/en\/wp-json\/wp\/v2\/media\/12154"}],"wp:attachment":[{"href":"https:\/\/costadelsol.st\/en\/wp-json\/wp\/v2\/media?parent=12153"}],"wp:term":[{"taxonomy":"category","embeddable":true,"href":"https:\/\/costadelsol.st\/en\/wp-json\/wp\/v2\/categories?post=12153"},{"taxonomy":"post_tag","embeddable":true,"href":"https:\/\/costadelsol.st\/en\/wp-json\/wp\/v2\/tags?post=12153"}],"curies":[{"name":"wp","href":"https:\/\/api.w.org\/{rel}","templated":true}]}}