{"id":12026,"date":"2014-01-28T17:04:45","date_gmt":"2014-01-28T16:04:45","guid":{"rendered":"https:\/\/costadelsol.st\/en\/?p=12026"},"modified":"2014-03-26T12:54:08","modified_gmt":"2014-03-26T11:54:08","slug":"lagenhet-med-4-sovrum-i-fuengirola","status":"publish","type":"post","link":"https:\/\/costadelsol.st\/en\/property-business\/for-sale\/lagenhet-med-4-sovrum-i-fuengirola\/","title":{"rendered":"L\u00e4genhet med 4 sovrum i Fuengirola"},"content":{"rendered":"<p><!--:en-->Stor fin l\u00e4genhet med 4 sovrum\u00a0800 m\u00a0upp fr\u00e5n centrum\u00a0p\u00e5 Plaza Islas Baleares i\u00a0Fuengirola. 8 min promenad ner till centrala Fuengirola. 31 meter till Mercadona Supermarket, 300 meter till Corte Ingl\u00e9s. Balkong med \u00f6ppen utsikt \u00f6ver staden och Elola fotbolls-stadion. 5:e v\u00e5ningen av 5. &#8220;Svensk kvalitet&#8221; i spanskt omr\u00e5de. 15 min g\u00e5ngavst\u00e5nd till Svenska Skolan. Stort privat f\u00f6rr\u00e5d eller garage f\u00f6r en liten bil i k\u00e4llaren. V\u00e4lbyggt hus och mycket v\u00e4lordnad &#8220;comunidad&#8221; avgift endast 30\u20ac\/m\u00e5n.<\/p>\n<p>\u00a0<\/p>\n<p>Ref nr: AP2010<br \/>\nOmr\u00e5de: Costa del Sol &#8211; Fuengirola<br \/>\nFastighetstyp: L\u00e4genhet<br \/>\nS\u00e4ljes\/Uthyres: S\u00e4ljes<br \/>\nPris: \u20ac240000<br \/>\nBoyta: 98 m2<br \/>\nBalkong: Ja<br \/>\nBalkong storlek: 10 m2<br \/>\nAntal sovrum: 4<br \/>\nAntal badrum: 1<br \/>\nBygg\u00e5r: 1980<br \/>\nV\u00e4derstreck: V\u00e4ster<br \/>\nM\u00f6blerad: Ja, delvis<br \/>\nParkering: Privat garage<\/p>\n<p>Latitude: 36.547074<br \/>\nLongitude: -4.628602<\/p>\n<p>\u00a0<!--:--><!--:sv-->Stor fin l\u00e4genhet med 4 sovrum\u00a0800 m\u00a0upp fr\u00e5n centrum\u00a0p\u00e5 Plaza Islas Baleares i\u00a0Fuengirola. 8 min promenad ner till centrala Fuengirola. 31 meter till Mercadona Supermarket, 300 meter till Corte Ingl\u00e9s. Balkong med \u00f6ppen utsikt \u00f6ver staden och Elola fotbolls-stadion. 5:e v\u00e5ningen av 5. &#8220;Svensk kvalitet&#8221; i spanskt omr\u00e5de. 15 min g\u00e5ngavst\u00e5nd till Svenska Skolan. Stort privat f\u00f6rr\u00e5d eller garage f\u00f6r en liten bil i k\u00e4llaren. V\u00e4lbyggt hus och mycket v\u00e4lordnad &#8220;comunidad&#8221; avgift endast 30\u20ac\/m\u00e5n.<\/p>\n<p>Ref nr: AP2010<br \/>\nOmr\u00e5de: Costa del Sol &#8211; Fuengirola<br \/>\nFastighetstyp: L\u00e4genhet<br \/>\nS\u00e4ljes\/Uthyres: S\u00e4ljes<br \/>\nPris: \u20ac240000<br \/>\nBoyta: 98 m2<br \/>\nBalkong: Ja<br \/>\nBalkong storlek: 10 m2<br \/>\nAntal sovrum: 4<br \/>\nAntal badrum: 1<br \/>\nBygg\u00e5r: 1980<br \/>\nV\u00e4derstreck: V\u00e4ster<br \/>\nM\u00f6blerad: Ja, delvis<br \/>\nParkering: Privat garage<\/p>\n<div class=\"cds_longlat\">36\u00b0 32&#8242; 49.47&#8243; N, 4\u00b0 37&#8242; 42.96&#8243; W<\/div>\n<p>F\u00f6r mer information kontakta:<br \/>\nMail: info@costadelsol.st<br \/>\nTel: +34 659 66 45 67<!--:--><!--:no-->Stor fin l\u00e4genhet med 4 sovrum\u00a0800 m\u00a0upp fr\u00e5n centrum\u00a0p\u00e5 Plaza Islas Baleares i\u00a0Fuengirola. 8 min promenad ner till centrala Fuengirola. 31 meter till Mercadona Supermarket, 300 meter till Corte Ingl\u00e9s. Balkong med \u00f6ppen utsikt \u00f6ver staden och Elola fotbolls-stadion. 5:e v\u00e5ningen av 5. &#8220;Svensk kvalitet&#8221; i spanskt omr\u00e5de. 15 min g\u00e5ngavst\u00e5nd till Svenska Skolan. Stort privat f\u00f6rr\u00e5d eller garage f\u00f6r en liten bil i k\u00e4llaren. V\u00e4lbyggt hus och mycket v\u00e4lordnad &#8220;comunidad&#8221; avgift endast 30\u20ac\/m\u00e5n.<\/p>\n<p>\u00a0<\/p>\n<p>Ref nr: AP2010<br \/>\nOmr\u00e5de: Costa del Sol &#8211; Fuengirola<br \/>\nFastighetstyp: L\u00e4genhet<br \/>\nS\u00e4ljes\/Uthyres: S\u00e4ljes<br \/>\nPris: \u20ac240000<br \/>\nBoyta: 98 m2<br \/>\nBalkong: Ja<br \/>\nBalkong storlek: 10 m2<br \/>\nAntal sovrum: 4<br \/>\nAntal badrum: 1<br \/>\nBygg\u00e5r: 1980<br \/>\nV\u00e4derstreck: V\u00e4ster<br \/>\nM\u00f6blerad: Ja, delvis<br \/>\nParkering: Privat garage<\/p>\n<p>Latitude: 36.547074<br \/>\nLongitude: -4.628602<\/p>\n<p>\u00a0<!--:--><\/p>\n","protected":false},"excerpt":{"rendered":"<p>Stor fin l\u00e4genhet med 4 sovrum\u00a0800 m\u00a0upp fr\u00e5n centrum\u00a0p\u00e5 Plaza Islas Baleares i\u00a0Fuengirola. 8 min promenad ner till centrala Fuengirola. 31 meter till Mercadona Supermarket, 300 meter till Corte Ingl\u00e9s. Balkong med \u00f6ppen utsikt \u00f6ver staden och Elola fotbolls-stadion. 5:e v\u00e5ningen av 5. &#8220;Svensk kvalitet&#8221; i spanskt omr\u00e5de. 15 min g\u00e5ngavst\u00e5nd till Svenska Skolan. Stort [&hellip;]<\/p>\n","protected":false},"author":5,"featured_media":12027,"comment_status":"closed","ping_status":"closed","sticky":false,"template":"","format":"standard","meta":{"footnotes":""},"categories":[141],"tags":[5581,3957,2850,3080,3962,181,5582,3859,3967,3968,3969],"class_list":["post-12026","post","type-post","status-publish","format-standard","has-post-thumbnail","hentry","category-for-sale","tag-ap2010","tag-bo-1","tag-fastighet-2","tag-fastigheter-0","tag-fastighetsmaklare-6","tag-fuengirola-1","tag-funkan","tag-kopa-2","tag-lagenhet-11","tag-lagenheter-12","tag-maklare-13"],"_links":{"self":[{"href":"https:\/\/costadelsol.st\/en\/wp-json\/wp\/v2\/posts\/12026","targetHints":{"allow":["GET"]}}],"collection":[{"href":"https:\/\/costadelsol.st\/en\/wp-json\/wp\/v2\/posts"}],"about":[{"href":"https:\/\/costadelsol.st\/en\/wp-json\/wp\/v2\/types\/post"}],"author":[{"embeddable":true,"href":"https:\/\/costadelsol.st\/en\/wp-json\/wp\/v2\/users\/5"}],"replies":[{"embeddable":true,"href":"https:\/\/costadelsol.st\/en\/wp-json\/wp\/v2\/comments?post=12026"}],"version-history":[{"count":0,"href":"https:\/\/costadelsol.st\/en\/wp-json\/wp\/v2\/posts\/12026\/revisions"}],"wp:featuredmedia":[{"embeddable":true,"href":"https:\/\/costadelsol.st\/en\/wp-json\/wp\/v2\/media\/12027"}],"wp:attachment":[{"href":"https:\/\/costadelsol.st\/en\/wp-json\/wp\/v2\/media?parent=12026"}],"wp:term":[{"taxonomy":"category","embeddable":true,"href":"https:\/\/costadelsol.st\/en\/wp-json\/wp\/v2\/categories?post=12026"},{"taxonomy":"post_tag","embeddable":true,"href":"https:\/\/costadelsol.st\/en\/wp-json\/wp\/v2\/tags?post=12026"}],"curies":[{"name":"wp","href":"https:\/\/api.w.org\/{rel}","templated":true}]}}