{"id":11169,"date":"2011-11-22T18:15:00","date_gmt":"2011-11-22T17:15:00","guid":{"rendered":"https:\/\/costadelsol.st\/en\/okategoriserade\/prosegur-swe\/"},"modified":"2014-03-12T13:52:44","modified_gmt":"2014-03-12T12:52:44","slug":"prosegur-swe","status":"publish","type":"post","link":"https:\/\/costadelsol.st\/en\/yellow-pages\/other-en\/prosegur-swe\/","title":{"rendered":"Prosegur-swe"},"content":{"rendered":"<p><!--:en--><\/p>\n<div class='teaser'>Prosegur &#8211; larm och s\u00e4kerhet<\/div>\n<p>Prosegur &#8211; marknadsledande inom s\u00e4kerhet<br \/>\nLarm med video\u00f6vervakning till ditt hem eller arbetsplats<\/p>\n<p>www.costadelsol.st i samarbete med Prosegur<br \/>\nKontakta www.costadelsol.st p\u00e5:info@costadelsol.st eller +34 659 66 45 67Vi hj\u00e4lper vi dig med mer information och\u00a0ordnar ett\u00a0pris med rabatt!<\/p>\n<p>Prosegur har \u00e4ven produkter f\u00f6r \u00f6vervakning av brand, vatten etc.<\/p>\n<div class='cds_author'>\n<h3>Prosegur-swe<\/h3>\n<\/div>\n<div class='cds_email'><a href=\"mailto:info@costadelsol.st\">info@costadelsol.st<\/a><\/div>\n<div class='cds_fax'><\/div>\n<div class='cds_website'><\/div>\n<div class='cds_mobile'><\/div>\n<div class='cds_address'>&#8211;<\/div>\n<div class='cds_postalcode'>*<\/div>\n<div class='cds_postalcity'>Costa del Sol *<\/div>\n<div class='cds_phone'>+34 659664567<\/div>\n<div class='cds_c_o'><\/div>\n<div class='cds_longlat'>36\u00b0 28&#8242; 53.3424&#8243; N, 4\u00b0 44&#8242; 53.3544&#8243; W<\/div>\n<div class='cds_visit_street'>&#8211;<\/div>\n<div class='cds_country'>Spain<\/div>\n<div class='cds_visit_city'>&#8211;<\/div>\n<p><!--:--><!--:sv--><\/p>\n<div class=\"teaser\">Prosegur &#8211; larm och s\u00e4kerhet<\/div>\n<p>Prosegur &#8211; marknadsledande inom s\u00e4kerhet<br \/>\nLarm med video\u00f6vervakning till ditt hem eller arbetsplats<\/p>\n<p>www.costadelsol.st i samarbete med Prosegur<br \/>\nKontakta www.costadelsol.st p\u00e5:info@costadelsol.st eller +34 659 66 45 67Vi hj\u00e4lper vi dig med mer information och\u00a0ordnar ett\u00a0pris med rabatt!<\/p>\n<p>Prosegur har \u00e4ven produkter f\u00f6r \u00f6vervakning av brand, vatten etc.<\/p>\n<div class=\"cds_author\">\n<h3>Prosegur-swe<\/h3>\n<\/div>\n<div class=\"cds_email\"><a href=\"mailto:info@costadelsol.st\">info@costadelsol.st<\/a><\/div>\n<div class=\"cds_fax\"><\/div>\n<div class=\"cds_website\"><\/div>\n<div class=\"cds_mobile\"><\/div>\n<div class=\"cds_address\">&#8211;<\/div>\n<div class=\"cds_postalcode\">*<\/div>\n<div class=\"cds_postalcity\">Costa del Sol *<\/div>\n<div class=\"cds_phone\">+34 659664567<\/div>\n<div class=\"cds_c_o\"><\/div>\n<div class=\"cds_longlat\">36\u00b0 28&#8242; 53.3424&#8243; N, 4\u00b0 44&#8242; 53.3544&#8243; W<\/div>\n<div class=\"cds_visit_street\">&#8211;<\/div>\n<div class=\"cds_country\">Spain<\/div>\n<div class=\"cds_visit_city\">&#8211;<\/div>\n<p><!--:--><!--:no--><\/p>\n<div class='teaser'>Prosegur &#8211; larm och s\u00e4kerhet<\/div>\n<p>Prosegur &#8211; marknadsledande inom s\u00e4kerhet<br \/>\nLarm med video\u00f6vervakning till ditt hem eller arbetsplats<\/p>\n<p>www.costadelsol.st i samarbete med Prosegur<br \/>\nKontakta www.costadelsol.st p\u00e5:info@costadelsol.st eller +34 659 66 45 67Vi hj\u00e4lper vi dig med mer information och\u00a0ordnar ett\u00a0pris med rabatt!<\/p>\n<p>Prosegur har \u00e4ven produkter f\u00f6r \u00f6vervakning av brand, vatten etc.<\/p>\n<div class='cds_author'>\n<h3>Prosegur-swe<\/h3>\n<\/div>\n<div class='cds_email'><a href=\"mailto:info@costadelsol.st\">info@costadelsol.st<\/a><\/div>\n<div class='cds_fax'><\/div>\n<div class='cds_website'><\/div>\n<div class='cds_mobile'><\/div>\n<div class='cds_address'>&#8211;<\/div>\n<div class='cds_postalcode'>*<\/div>\n<div class='cds_postalcity'>Costa del Sol *<\/div>\n<div class='cds_phone'>+34 659664567<\/div>\n<div class='cds_c_o'><\/div>\n<div class='cds_longlat'>36\u00b0 28&#8242; 53.3424&#8243; N, 4\u00b0 44&#8242; 53.3544&#8243; W<\/div>\n<div class='cds_visit_street'>&#8211;<\/div>\n<div class='cds_country'>Spain<\/div>\n<div class='cds_visit_city'>&#8211;<\/div>\n<p><!--:--><\/p>\n","protected":false},"excerpt":{"rendered":"<p>Prosegur &#8211; larm och s\u00e4kerhet Prosegur &#8211; marknadsledande inom s\u00e4kerhet Larm med video\u00f6vervakning till ditt hem eller arbetsplats www.costadelsol.st i samarbete med Prosegur Kontakta www.costadelsol.st p\u00e5:info@costadelsol.st eller +34 659 66 45 67Vi hj\u00e4lper vi dig med mer information och\u00a0ordnar ett\u00a0pris med rabatt! Prosegur har \u00e4ven produkter f\u00f6r \u00f6vervakning av brand, vatten etc. Prosegur-swe info@costadelsol.st &#8211; [&hellip;]<\/p>\n","protected":false},"author":5,"featured_media":11164,"comment_status":"open","ping_status":"open","sticky":false,"template":"","format":"standard","meta":{"footnotes":""},"categories":[3975],"tags":[4966,4976,4964,4982,4983,3992,3788,4972,4985],"class_list":["post-11169","post","type-post","status-publish","format-standard","has-post-thumbnail","hentry","category-other-en","tag-alarm-0","tag-kamera-4","tag-larm-1","tag-larmsystem-3","tag-overvakning-4","tag-prioriterad-betalande-kund","tag-sakerhet-1","tag-video-6","tag-villalarm-7"],"_links":{"self":[{"href":"https:\/\/costadelsol.st\/en\/wp-json\/wp\/v2\/posts\/11169","targetHints":{"allow":["GET"]}}],"collection":[{"href":"https:\/\/costadelsol.st\/en\/wp-json\/wp\/v2\/posts"}],"about":[{"href":"https:\/\/costadelsol.st\/en\/wp-json\/wp\/v2\/types\/post"}],"author":[{"embeddable":true,"href":"https:\/\/costadelsol.st\/en\/wp-json\/wp\/v2\/users\/5"}],"replies":[{"embeddable":true,"href":"https:\/\/costadelsol.st\/en\/wp-json\/wp\/v2\/comments?post=11169"}],"version-history":[{"count":0,"href":"https:\/\/costadelsol.st\/en\/wp-json\/wp\/v2\/posts\/11169\/revisions"}],"wp:featuredmedia":[{"embeddable":true,"href":"https:\/\/costadelsol.st\/en\/wp-json\/wp\/v2\/media\/11164"}],"wp:attachment":[{"href":"https:\/\/costadelsol.st\/en\/wp-json\/wp\/v2\/media?parent=11169"}],"wp:term":[{"taxonomy":"category","embeddable":true,"href":"https:\/\/costadelsol.st\/en\/wp-json\/wp\/v2\/categories?post=11169"},{"taxonomy":"post_tag","embeddable":true,"href":"https:\/\/costadelsol.st\/en\/wp-json\/wp\/v2\/tags?post=11169"}],"curies":[{"name":"wp","href":"https:\/\/api.w.org\/{rel}","templated":true}]}}