{"id":1091,"date":"2012-06-06T22:48:00","date_gmt":"2012-06-06T20:48:00","guid":{"rendered":"https:\/\/costadelsol.st\/en\/okategoriserade\/dia-del-pescaito-in-torremolinos-tomorrow\/"},"modified":"2014-02-20T17:38:40","modified_gmt":"2014-02-20T16:38:40","slug":"dia-del-pescaito-in-torremolinos-tomorrow","status":"publish","type":"post","link":"https:\/\/costadelsol.st\/en\/news-en\/dia-del-pescaito-in-torremolinos-tomorrow\/","title":{"rendered":"D\u00eda Del Pesca\u00edto In Torremolinos Tomorrow"},"content":{"rendered":"<div class='teaser'>The festival is in its 25th year<\/div>\n<p>The final&nbsp;preparations are underway in La Carihuela in&nbsp;Torremolinos for the&nbsp;D\u00eda del Pesca\u00edto<br \/>\nThe annual event which is organized by the concejal\u00eda de Turismo de Torremolinos.&nbsp;is now in its 25th year and will start at 13.00 tomorrow<br \/>\nThere will be dancing and live music along with the distributing of over 10,000 Kilos of fish&nbsp;<\/p>\n<p>&nbsp;<\/p>\n<div class='cds_author'>jmackie@costadelsol.st<\/div>\n","protected":false},"excerpt":{"rendered":"<p>The festival is in its 25th year The final&nbsp;preparations are underway in La Carihuela in&nbsp;Torremolinos for the&nbsp;D\u00eda del Pesca\u00edto The annual event which is organized by the concejal\u00eda de Turismo de Torremolinos.&nbsp;is now in its 25th year and will start at 13.00 tomorrow There will be dancing and live music along with the distributing of [&hellip;]<\/p>\n","protected":false},"author":5,"featured_media":1092,"comment_status":"open","ping_status":"open","sticky":false,"template":"","format":"standard","meta":{"footnotes":""},"categories":[3935,132],"tags":[1563,1564],"class_list":["post-1091","post","type-post","status-publish","format-standard","has-post-thumbnail","hentry","category-living-tourism","category-news-en","tag-dia-del-pescaito-0","tag-torremolinos-festival-1"],"_links":{"self":[{"href":"https:\/\/costadelsol.st\/en\/wp-json\/wp\/v2\/posts\/1091","targetHints":{"allow":["GET"]}}],"collection":[{"href":"https:\/\/costadelsol.st\/en\/wp-json\/wp\/v2\/posts"}],"about":[{"href":"https:\/\/costadelsol.st\/en\/wp-json\/wp\/v2\/types\/post"}],"author":[{"embeddable":true,"href":"https:\/\/costadelsol.st\/en\/wp-json\/wp\/v2\/users\/5"}],"replies":[{"embeddable":true,"href":"https:\/\/costadelsol.st\/en\/wp-json\/wp\/v2\/comments?post=1091"}],"version-history":[{"count":0,"href":"https:\/\/costadelsol.st\/en\/wp-json\/wp\/v2\/posts\/1091\/revisions"}],"wp:featuredmedia":[{"embeddable":true,"href":"https:\/\/costadelsol.st\/en\/wp-json\/wp\/v2\/media\/1092"}],"wp:attachment":[{"href":"https:\/\/costadelsol.st\/en\/wp-json\/wp\/v2\/media?parent=1091"}],"wp:term":[{"taxonomy":"category","embeddable":true,"href":"https:\/\/costadelsol.st\/en\/wp-json\/wp\/v2\/categories?post=1091"},{"taxonomy":"post_tag","embeddable":true,"href":"https:\/\/costadelsol.st\/en\/wp-json\/wp\/v2\/tags?post=1091"}],"curies":[{"name":"wp","href":"https:\/\/api.w.org\/{rel}","templated":true}]}}