{"id":10578,"date":"2011-10-20T14:24:00","date_gmt":"2011-10-20T12:24:00","guid":{"rendered":"https:\/\/costadelsol.st\/en\/okategoriserade\/evergreen-electrica-s-l-swe\/"},"modified":"2014-03-12T13:41:15","modified_gmt":"2014-03-12T12:41:15","slug":"evergreen-electrica-s-l-swe","status":"publish","type":"post","link":"https:\/\/costadelsol.st\/en\/yellow-pages\/other-en\/evergreen-electrica-s-l-swe\/","title":{"rendered":"Evergreen El\u00e9ctrica S.L. &#8211; swe"},"content":{"rendered":"<p><!--:en--><\/p>\n<div class='teaser'>Din nya gr\u00f6na elleverant\u00f6r<\/div>\n<p>Bes\u00f6k v\u00e5r website f\u00f6r mer information och offert!<\/p>\n<div class='cds_author'>\n<h3>Evergreen El\u00e9ctrica S.L. &#8211; swe<\/h3>\n<\/div>\n<div class='cds_email'><\/div>\n<div class='cds_fax'><\/div>\n<div class='cds_website'><a href=\"http:\/\/www.evergreen-electrica.com\/contact.php?&#038;lang=se\" class=\"external\">http:\/\/www.evergreen-electrica.com\/contact.php?&#038;lang=se<\/a><\/div>\n<div class='cds_mobile'><\/div>\n<div class='cds_address'>C\/. Feria de Jerez, 10<\/div>\n<div class='cds_postalcode'>29640<\/div>\n<div class='cds_postalcity'>Fuengirola (M\u00e1laga)<\/div>\n<div class='cds_phone'>+34 951 773 477<\/div>\n<div class='cds_c_o'><\/div>\n<div class='cds_longlat'>36\u00b0 32&#8242; 51.0324&#8243; N, 4\u00b0 37&#8242; 16.5864&#8243; W<\/div>\n<div class='cds_visit_street'>&#8211;<\/div>\n<div class='cds_country'>Spain<\/div>\n<div class='cds_visit_city'>&#8211;<\/div>\n<p><!--:--><!--:sv--><\/p>\n<div class=\"teaser\">Din nya gr\u00f6na elleverant\u00f6r<\/div>\n<p>Bes\u00f6k v\u00e5r website f\u00f6r mer information och offert!<\/p>\n<div class=\"cds_author\">\n<h3>Evergreen El\u00e9ctrica S.L. &#8211; swe<\/h3>\n<\/div>\n<div class=\"cds_email\"><\/div>\n<div class=\"cds_fax\"><\/div>\n<div class=\"cds_website\"><a class=\"external\" href=\"http:\/\/www.evergreen-electrica.com\/contact.php?&amp;lang=se\">http:\/\/www.evergreen-electrica.com\/contact.php?&amp;lang=se<\/a><\/div>\n<div class=\"cds_mobile\"><\/div>\n<div class=\"cds_address\">C\/. Feria de Jerez, 10<\/div>\n<div class=\"cds_postalcode\">29640<\/div>\n<div class=\"cds_postalcity\">Fuengirola (M\u00e1laga)<\/div>\n<div class=\"cds_phone\">+34 951 773 477<\/div>\n<div class=\"cds_c_o\"><\/div>\n<div class=\"cds_longlat\">36\u00b0 32&#8242; 51.0324&#8243; N, 4\u00b0 37&#8242; 16.5864&#8243; W<\/div>\n<div class=\"cds_visit_street\">&#8211;<\/div>\n<div class=\"cds_country\">Spain<\/div>\n<div class=\"cds_visit_city\">&#8211;<\/div>\n<p><!--:--><!--:no--><\/p>\n<div class='teaser'>Din nya gr\u00f6na elleverant\u00f6r<\/div>\n<p>Bes\u00f6k v\u00e5r website f\u00f6r mer information och offert!<\/p>\n<div class='cds_author'>\n<h3>Evergreen El\u00e9ctrica S.L. &#8211; swe<\/h3>\n<\/div>\n<div class='cds_email'><\/div>\n<div class='cds_fax'><\/div>\n<div class='cds_website'><a href=\"http:\/\/www.evergreen-electrica.com\/contact.php?&#038;lang=se\" class=\"external\">http:\/\/www.evergreen-electrica.com\/contact.php?&#038;lang=se<\/a><\/div>\n<div class='cds_mobile'><\/div>\n<div class='cds_address'>C\/. Feria de Jerez, 10<\/div>\n<div class='cds_postalcode'>29640<\/div>\n<div class='cds_postalcity'>Fuengirola (M\u00e1laga)<\/div>\n<div class='cds_phone'>+34 951 773 477<\/div>\n<div class='cds_c_o'><\/div>\n<div class='cds_longlat'>36\u00b0 32&#8242; 51.0324&#8243; N, 4\u00b0 37&#8242; 16.5864&#8243; W<\/div>\n<div class='cds_visit_street'>&#8211;<\/div>\n<div class='cds_country'>Spain<\/div>\n<div class='cds_visit_city'>&#8211;<\/div>\n<p><!--:--><\/p>\n","protected":false},"excerpt":{"rendered":"<p>Din nya gr\u00f6na elleverant\u00f6r Bes\u00f6k v\u00e5r website f\u00f6r mer information och offert! Evergreen El\u00e9ctrica S.L. &#8211; swe http:\/\/www.evergreen-electrica.com\/contact.php?&#038;lang=se C\/. Feria de Jerez, 10 29640 Fuengirola (M\u00e1laga) +34 951 773 477 36\u00b0 32&#8242; 51.0324&#8243; N, 4\u00b0 37&#8242; 16.5864&#8243; W &#8211; Spain &#8211; Din nya gr\u00f6na elleverant\u00f6r Bes\u00f6k v\u00e5r website f\u00f6r mer information och offert! Evergreen El\u00e9ctrica [&hellip;]<\/p>\n","protected":false},"author":5,"featured_media":10579,"comment_status":"open","ping_status":"open","sticky":false,"template":"","format":"standard","meta":{"footnotes":""},"categories":[3975],"tags":[5532,4476,3785,4478,4479],"class_list":["post-10578","post","type-post","status-publish","format-standard","has-post-thumbnail","hentry","category-other-en","tag-ej-betalande-kund","tag-eklektricitet-0","tag-el-0","tag-elbolag-2","tag-elleverantor-3"],"_links":{"self":[{"href":"https:\/\/costadelsol.st\/en\/wp-json\/wp\/v2\/posts\/10578","targetHints":{"allow":["GET"]}}],"collection":[{"href":"https:\/\/costadelsol.st\/en\/wp-json\/wp\/v2\/posts"}],"about":[{"href":"https:\/\/costadelsol.st\/en\/wp-json\/wp\/v2\/types\/post"}],"author":[{"embeddable":true,"href":"https:\/\/costadelsol.st\/en\/wp-json\/wp\/v2\/users\/5"}],"replies":[{"embeddable":true,"href":"https:\/\/costadelsol.st\/en\/wp-json\/wp\/v2\/comments?post=10578"}],"version-history":[{"count":0,"href":"https:\/\/costadelsol.st\/en\/wp-json\/wp\/v2\/posts\/10578\/revisions"}],"wp:featuredmedia":[{"embeddable":true,"href":"https:\/\/costadelsol.st\/en\/wp-json\/wp\/v2\/media\/10579"}],"wp:attachment":[{"href":"https:\/\/costadelsol.st\/en\/wp-json\/wp\/v2\/media?parent=10578"}],"wp:term":[{"taxonomy":"category","embeddable":true,"href":"https:\/\/costadelsol.st\/en\/wp-json\/wp\/v2\/categories?post=10578"},{"taxonomy":"post_tag","embeddable":true,"href":"https:\/\/costadelsol.st\/en\/wp-json\/wp\/v2\/tags?post=10578"}],"curies":[{"name":"wp","href":"https:\/\/api.w.org\/{rel}","templated":true}]}}